{"id":4551,"date":"2018-12-11T19:31:19","date_gmt":"2018-12-11T19:31:19","guid":{"rendered":"https:\/\/www.atemgold09.de\/?p=4551"},"modified":"2021-07-12T19:24:08","modified_gmt":"2021-07-12T19:24:08","slug":"open-the-future","status":"publish","type":"post","link":"https:\/\/www.atemgold09.de\/?p=4551","title":{"rendered":"OPEN THE FUTURE! From Essen to Europe"},"content":{"rendered":"<p><a href=\"https:\/\/www.atemgold09.de\/?attachment_id=4553\" rel=\"attachment wp-att-4553\"><img loading=\"lazy\" decoding=\"async\" class=\"alignleft wp-image-4553\" src=\"https:\/\/www.atemgold09.de\/wp-content\/uploads\/CerimoniaApertura-300x122.jpg\" alt=\"\" width=\"550\" height=\"231\" \/><\/a>schwarz\/rot Atemgold09 er\u00f6ffnet das Kulturhauptstadtjahr 2019 in MATERA (Italy).<\/p>\n<p>Als Dorfkapelle des Ruhrgebiets vertreten wir die Stadt Essen und das Ruhrgebiet als Kulturhauptstadt Ruhr 2010. Das hei\u00dft: Wir spielen &#8222;Gl\u00fcck Auf, der Steiger kommt!&#8220;, &#8222;Nichts ist so sch\u00f6n, wie der Mond von Wannde-Eickel&#8220; und &#8222;K\u00fcsse am Kohlenhafen&#8220;, aber auch &#8222;Bella Ciau&#8220;, das patriarchatskritische Lied der italienischen Reispfl\u00fcckerinnen und ganz, ganz viel Ruhrskaworldjazzbrass.<\/p>\n","protected":false},"excerpt":{"rendered":"<p>schwarz\/rot Atemgold09 er\u00f6ffnet das Kulturhauptstadtjahr 2019 in MATERA (Italy). Als Dorfkapelle des Ruhrgebiets vertreten wir die Stadt Essen und das Ruhrgebiet als Kulturhauptstadt Ruhr 2010. Das hei\u00dft: Wir spielen &#8222;Gl\u00fcck Auf, der Steiger kommt!&#8220;, &#8222;Nichts ist so sch\u00f6n, wie der &hellip; <a href=\"https:\/\/www.atemgold09.de\/?p=4551\">Weiterlesen <span class=\"meta-nav\">&rarr;<\/span><\/a><\/p>\n","protected":false},"author":1,"featured_media":0,"comment_status":"closed","ping_status":"closed","sticky":false,"template":"","format":"quote","meta":{"footnotes":""},"categories":[30,8,34],"tags":[],"class_list":["post-4551","post","type-post","status-publish","format-quote","hentry","category-history","category-termine","category-termine-2018","post_format-post-format-quote"],"_links":{"self":[{"href":"https:\/\/www.atemgold09.de\/index.php?rest_route=\/wp\/v2\/posts\/4551","targetHints":{"allow":["GET"]}}],"collection":[{"href":"https:\/\/www.atemgold09.de\/index.php?rest_route=\/wp\/v2\/posts"}],"about":[{"href":"https:\/\/www.atemgold09.de\/index.php?rest_route=\/wp\/v2\/types\/post"}],"author":[{"embeddable":true,"href":"https:\/\/www.atemgold09.de\/index.php?rest_route=\/wp\/v2\/users\/1"}],"replies":[{"embeddable":true,"href":"https:\/\/www.atemgold09.de\/index.php?rest_route=%2Fwp%2Fv2%2Fcomments&post=4551"}],"version-history":[{"count":5,"href":"https:\/\/www.atemgold09.de\/index.php?rest_route=\/wp\/v2\/posts\/4551\/revisions"}],"predecessor-version":[{"id":4969,"href":"https:\/\/www.atemgold09.de\/index.php?rest_route=\/wp\/v2\/posts\/4551\/revisions\/4969"}],"wp:attachment":[{"href":"https:\/\/www.atemgold09.de\/index.php?rest_route=%2Fwp%2Fv2%2Fmedia&parent=4551"}],"wp:term":[{"taxonomy":"category","embeddable":true,"href":"https:\/\/www.atemgold09.de\/index.php?rest_route=%2Fwp%2Fv2%2Fcategories&post=4551"},{"taxonomy":"post_tag","embeddable":true,"href":"https:\/\/www.atemgold09.de\/index.php?rest_route=%2Fwp%2Fv2%2Ftags&post=4551"}],"curies":[{"name":"wp","href":"https:\/\/api.w.org\/{rel}","templated":true}]}}