{"id":4612,"date":"2019-06-05T18:55:26","date_gmt":"2019-06-05T18:55:26","guid":{"rendered":"https:\/\/www.atemgold09.de\/?p=4612"},"modified":"2021-07-13T12:08:36","modified_gmt":"2021-07-13T12:08:36","slug":"kinderschuetzenfest-in-suedkamen-kamen-sued","status":"publish","type":"post","link":"https:\/\/www.atemgold09.de\/?p=4612","title":{"rendered":"Ab in den S\u00fcden &#8211; Dorf- und Kindersch\u00fctzenfest in S\u00fcdkamen"},"content":{"rendered":"<p style=\"text-align: left;\">Diesmal hei\u00dft es f\u00fcr die Dorfkapelle des Ruhrgebiets: &#8222;Oh, ab in den S\u00fcden, der Sonne hinterher, ejo, was geht.&#8220;\u00a0 Die meisten von uns kennen Kamen nur vom Kamener-Kreuz und kaum jemand war schon einmal im zauberhaften S\u00fcdkamen. Doch in Wirklichkeit geht da die Party ab &#8211; beim Dorf- und Kindersch\u00fctzenfest in S\u00fcdkamen\/ Kamen-S\u00fcd, auf der Festwiese hinter der S\u00fcdschule in Kamen-S\u00fcd, das ist Dortmunder Stra\u00dfe\/ Ecke S\u00fcdkamener Stra\u00dfe &#8211; soviel S\u00fcden und Sommersonnesonnenschein ist selten in Nordrhein-Westfalen. Also &#8211; runter von der A1 und die Party geht ab auf dem Dorffest in S\u00fcdkamen\/ Kamen-S\u00fcd mit der Dorfkapelle des Ruhrgebiets.<\/p>\n<div id=\"attachment_4613\" style=\"width: 222px\" class=\"wp-caption alignleft\"><a href=\"https:\/\/www.atemgold09.de\/?attachment_id=4613\" rel=\"attachment wp-att-4613\"><img loading=\"lazy\" decoding=\"async\" aria-describedby=\"caption-attachment-4613\" class=\"size-medium wp-image-4613\" src=\"https:\/\/www.atemgold09.de\/wp-content\/uploads\/KIndersch\u00fctzenfest_Plakat_2019-212x300.jpg\" alt=\"\" width=\"212\" height=\"300\" srcset=\"https:\/\/www.atemgold09.de\/wp-content\/uploads\/KIndersch\u00fctzenfest_Plakat_2019-212x300.jpg 212w, https:\/\/www.atemgold09.de\/wp-content\/uploads\/KIndersch\u00fctzenfest_Plakat_2019-106x150.jpg 106w, https:\/\/www.atemgold09.de\/wp-content\/uploads\/KIndersch\u00fctzenfest_Plakat_2019.jpg 668w\" sizes=\"auto, (max-width: 212px) 100vw, 212px\" \/><\/a><p id=\"caption-attachment-4613\" class=\"wp-caption-text\">Dorfparty in S\u00fcdkamen<\/p><\/div>\n","protected":false},"excerpt":{"rendered":"<p>Diesmal hei\u00dft es f\u00fcr die Dorfkapelle des Ruhrgebiets: &#8222;Oh, ab in den S\u00fcden, der Sonne hinterher, ejo, was geht.&#8220;\u00a0 Die meisten von uns kennen Kamen nur vom Kamener-Kreuz und kaum jemand war schon einmal im zauberhaften S\u00fcdkamen. Doch in Wirklichkeit &hellip; <a href=\"https:\/\/www.atemgold09.de\/?p=4612\">Weiterlesen <span class=\"meta-nav\">&rarr;<\/span><\/a><\/p>\n","protected":false},"author":1,"featured_media":0,"comment_status":"closed","ping_status":"closed","sticky":false,"template":"","format":"quote","meta":{"footnotes":""},"categories":[30,8,35],"tags":[],"class_list":["post-4612","post","type-post","status-publish","format-quote","hentry","category-history","category-termine","category-termine-2019","post_format-post-format-quote"],"_links":{"self":[{"href":"https:\/\/www.atemgold09.de\/index.php?rest_route=\/wp\/v2\/posts\/4612","targetHints":{"allow":["GET"]}}],"collection":[{"href":"https:\/\/www.atemgold09.de\/index.php?rest_route=\/wp\/v2\/posts"}],"about":[{"href":"https:\/\/www.atemgold09.de\/index.php?rest_route=\/wp\/v2\/types\/post"}],"author":[{"embeddable":true,"href":"https:\/\/www.atemgold09.de\/index.php?rest_route=\/wp\/v2\/users\/1"}],"replies":[{"embeddable":true,"href":"https:\/\/www.atemgold09.de\/index.php?rest_route=%2Fwp%2Fv2%2Fcomments&post=4612"}],"version-history":[{"count":6,"href":"https:\/\/www.atemgold09.de\/index.php?rest_route=\/wp\/v2\/posts\/4612\/revisions"}],"predecessor-version":[{"id":4619,"href":"https:\/\/www.atemgold09.de\/index.php?rest_route=\/wp\/v2\/posts\/4612\/revisions\/4619"}],"wp:attachment":[{"href":"https:\/\/www.atemgold09.de\/index.php?rest_route=%2Fwp%2Fv2%2Fmedia&parent=4612"}],"wp:term":[{"taxonomy":"category","embeddable":true,"href":"https:\/\/www.atemgold09.de\/index.php?rest_route=%2Fwp%2Fv2%2Fcategories&post=4612"},{"taxonomy":"post_tag","embeddable":true,"href":"https:\/\/www.atemgold09.de\/index.php?rest_route=%2Fwp%2Fv2%2Ftags&post=4612"}],"curies":[{"name":"wp","href":"https:\/\/api.w.org\/{rel}","templated":true}]}}