{"id":4626,"date":"2019-07-02T19:14:30","date_gmt":"2019-07-02T19:14:30","guid":{"rendered":"https:\/\/www.atemgold09.de\/?p=4626"},"modified":"2021-07-13T12:08:27","modified_gmt":"2021-07-13T12:08:27","slug":"evangelischer-kirchentag-unterstuetzung-fuer-die-seebruecke","status":"publish","type":"post","link":"https:\/\/www.atemgold09.de\/?p=4626","title":{"rendered":"Evangelischer Kirchentag &#8211; Unterst\u00fctzung f\u00fcr die &#8222;Seebr\u00fccke&#8220;"},"content":{"rendered":"<p><a href=\"https:\/\/www.atemgold09.de\/?attachment_id=4627\" rel=\"attachment wp-att-4627\"><img loading=\"lazy\" decoding=\"async\" class=\"alignleft size-medium wp-image-4627\" src=\"https:\/\/www.atemgold09.de\/wp-content\/uploads\/Seebr\u00fccke-300x200.jpg\" alt=\"\" width=\"300\" height=\"200\" srcset=\"https:\/\/www.atemgold09.de\/wp-content\/uploads\/Seebr\u00fccke-300x200.jpg 300w, https:\/\/www.atemgold09.de\/wp-content\/uploads\/Seebr\u00fccke-150x100.jpg 150w, https:\/\/www.atemgold09.de\/wp-content\/uploads\/Seebr\u00fccke-768x512.jpg 768w, https:\/\/www.atemgold09.de\/wp-content\/uploads\/Seebr\u00fccke-1024x683.jpg 1024w, https:\/\/www.atemgold09.de\/wp-content\/uploads\/Seebr\u00fccke-450x300.jpg 450w, https:\/\/www.atemgold09.de\/wp-content\/uploads\/Seebr\u00fccke.jpg 1200w\" sizes=\"auto, (max-width: 300px) 100vw, 300px\" \/><\/a>Die Trommel von schwarz\/rot Atemgold 09 hat als Totentrommel die Aktion auf dem evangelischen Kirchentag begleitet. Vom Platz vor der Oper ging es \u00fcber den Wall zur Reinoldikirche, wo am Kirchturm zwei gro\u00dfe Transparente mit den Namen der Ertrunkenen hochgezogen wurden. Zuvor berichteten Gefl\u00fcchtete von ihren Erfahrungen, trugen Gedichte vor, Rapten und verspr\u00fchten so positive Energie &#8211; doch angesichts der unvorstellbaren Unmenschlichkeit blieb man w\u00fctend und traurig zur\u00fcck. Am Ende \u00fcbernahmen die Totenglocken der Dortmunder Stadtkirchen &#8211; allen voran der Reinoldikirche &#8211; den mahnenden Ton von unserer Atemgoldtrommel.<\/p>\n<p>Foto: Ev. Kirchenkreis Dortmund\/Sch\u00fctze<\/p>\n","protected":false},"excerpt":{"rendered":"<p>Die Trommel von schwarz\/rot Atemgold 09 hat als Totentrommel die Aktion auf dem evangelischen Kirchentag begleitet. Vom Platz vor der Oper ging es \u00fcber den Wall zur Reinoldikirche, wo am Kirchturm zwei gro\u00dfe Transparente mit den Namen der Ertrunkenen hochgezogen &hellip; <a href=\"https:\/\/www.atemgold09.de\/?p=4626\">Weiterlesen <span class=\"meta-nav\">&rarr;<\/span><\/a><\/p>\n","protected":false},"author":1,"featured_media":0,"comment_status":"closed","ping_status":"closed","sticky":false,"template":"","format":"quote","meta":{"footnotes":""},"categories":[30,8,35],"tags":[],"class_list":["post-4626","post","type-post","status-publish","format-quote","hentry","category-history","category-termine","category-termine-2019","post_format-post-format-quote"],"_links":{"self":[{"href":"https:\/\/www.atemgold09.de\/index.php?rest_route=\/wp\/v2\/posts\/4626","targetHints":{"allow":["GET"]}}],"collection":[{"href":"https:\/\/www.atemgold09.de\/index.php?rest_route=\/wp\/v2\/posts"}],"about":[{"href":"https:\/\/www.atemgold09.de\/index.php?rest_route=\/wp\/v2\/types\/post"}],"author":[{"embeddable":true,"href":"https:\/\/www.atemgold09.de\/index.php?rest_route=\/wp\/v2\/users\/1"}],"replies":[{"embeddable":true,"href":"https:\/\/www.atemgold09.de\/index.php?rest_route=%2Fwp%2Fv2%2Fcomments&post=4626"}],"version-history":[{"count":3,"href":"https:\/\/www.atemgold09.de\/index.php?rest_route=\/wp\/v2\/posts\/4626\/revisions"}],"predecessor-version":[{"id":4655,"href":"https:\/\/www.atemgold09.de\/index.php?rest_route=\/wp\/v2\/posts\/4626\/revisions\/4655"}],"wp:attachment":[{"href":"https:\/\/www.atemgold09.de\/index.php?rest_route=%2Fwp%2Fv2%2Fmedia&parent=4626"}],"wp:term":[{"taxonomy":"category","embeddable":true,"href":"https:\/\/www.atemgold09.de\/index.php?rest_route=%2Fwp%2Fv2%2Fcategories&post=4626"},{"taxonomy":"post_tag","embeddable":true,"href":"https:\/\/www.atemgold09.de\/index.php?rest_route=%2Fwp%2Fv2%2Ftags&post=4626"}],"curies":[{"name":"wp","href":"https:\/\/api.w.org\/{rel}","templated":true}]}}